{"id":1458,"date":"2019-01-04T13:36:17","date_gmt":"2019-01-04T11:36:17","guid":{"rendered":"http:\/\/salmiakki.fi\/?p=1458"},"modified":"2019-01-04T13:42:09","modified_gmt":"2019-01-04T11:42:09","slug":"salmiakkigaala-2-3-2019-jaahyvaiset-dubrovnikille","status":"publish","type":"post","link":"https:\/\/salmiakki.fi\/?p=1458","title":{"rendered":"Salmiakkigaala 2.3.2019 \u2013 j\u00e4\u00e4hyv\u00e4iset Dubrovnikille"},"content":{"rendered":"<p class=\"p1\"><span class=\"s1\">Kekkeri kalenteriin, brothers and sisters! Salmariv\u00e4ki kokontuu Salmiakkigaalaan helsinkil\u00e4isbaari Dubrovnikiin lauantaina 2. maaliskuuta.<\/span><\/p>\n<p class=\"p1\"><span class=\"s1\">Salmiakkigaala j\u00e4rjestet\u00e4\u00e4n nyt viimeist\u00e4 kertaa Dubrovnikissa, nyyh, koska baarikeskittym\u00e4n vuokrasopimus on p\u00e4\u00e4ttym\u00e4ss\u00e4 kev\u00e4\u00e4ll\u00e4. Tarkempaa tietoa gaalasta luvassa salmiakki.fi-sivulle ja Facebookiin helmikuussa. Salmiakkiyhdistyksen vuosittainen p\u00e4\u00e4tapahtuma j\u00e4rjestet\u00e4\u00e4n nyt 21:nnen kerran.<\/span><\/p>\n<p>&nbsp;<\/p>\n<div id=\"attachment_348\" style=\"width: 650px\" class=\"wp-caption alignleft\"><a href=\"https:\/\/salmiakki.fi\/wp-content\/uploads\/2013\/01\/S_2.jpg\"><img loading=\"lazy\" decoding=\"async\" aria-describedby=\"caption-attachment-348\" class=\"size-large wp-image-348\" src=\"https:\/\/salmiakki.fi\/wp-content\/uploads\/2013\/01\/S_2-682x1024.jpg\" alt=\"\" width=\"640\" height=\"961\" srcset=\"https:\/\/salmiakki.fi\/wp-content\/uploads\/2013\/01\/S_2-682x1024.jpg 682w, https:\/\/salmiakki.fi\/wp-content\/uploads\/2013\/01\/S_2-199x300.jpg 199w, https:\/\/salmiakki.fi\/wp-content\/uploads\/2013\/01\/S_2.jpg 1365w\" sizes=\"auto, (max-width: 640px) 100vw, 640px\" \/><\/a><p id=\"caption-attachment-348\" class=\"wp-caption-text\">Salmiakkigaala on j\u00e4rjestetty Dubrovnikissa Helsingin Eerikinkadulla toistakymment\u00e4 kertaa. Nyt on j\u00e4\u00e4hyv\u00e4isten aika. Photo \u00a9 Leena Salmio<\/p><\/div>\n<p class=\"p1\"><span class=\"s1\">Ehdotuksia tulevaisuuden gaalapaikaksi saa l\u00e4hett\u00e4\u00e4 yhdistyksen s\u00e4hk\u00f6postiosoitteeseen <a href=\"mailto:salmiakki.fi@gmail.com\"><span class=\"s2\">salmiakki.fi@gmail.com<\/span><\/a>. Gaalan j\u00e4lkeen kev\u00e4\u00e4n ja kes\u00e4n aikana on aika katsastaa sopivia tiloja ja tehd\u00e4 p\u00e4\u00e4t\u00f6ksi\u00e4. <\/span><\/p>\n","protected":false},"excerpt":{"rendered":"<p>Kekkeri kalenteriin, brothers and sisters! Salmariv\u00e4ki kokontuu Salmiakkigaalaan helsinkil\u00e4isbaari Dubrovnikiin lauantaina 2. maaliskuuta. Salmiakkigaala j\u00e4rjestet\u00e4\u00e4n nyt viimeist\u00e4 kertaa Dubrovnikissa, nyyh, koska baarikeskittym\u00e4n vuokrasopimus on p\u00e4\u00e4ttym\u00e4ss\u00e4 kev\u00e4\u00e4ll\u00e4. Tarkempaa tietoa gaalasta luvassa salmiakki.fi-sivulle ja Facebookiin helmikuussa. Salmiakkiyhdistyksen vuosittainen p\u00e4\u00e4tapahtuma j\u00e4rjestet\u00e4\u00e4n nyt 21:nnen &hellip; <a href=\"https:\/\/salmiakki.fi\/?p=1458\">Lue loppuun <span class=\"meta-nav\">&rarr;<\/span><\/a><\/p>\n","protected":false},"author":2,"featured_media":0,"comment_status":"closed","ping_status":"open","sticky":false,"template":"","format":"standard","meta":{"footnotes":""},"categories":[1],"tags":[],"class_list":["post-1458","post","type-post","status-publish","format-standard","hentry","category-ei-kategoriaa"],"_links":{"self":[{"href":"https:\/\/salmiakki.fi\/index.php?rest_route=\/wp\/v2\/posts\/1458","targetHints":{"allow":["GET"]}}],"collection":[{"href":"https:\/\/salmiakki.fi\/index.php?rest_route=\/wp\/v2\/posts"}],"about":[{"href":"https:\/\/salmiakki.fi\/index.php?rest_route=\/wp\/v2\/types\/post"}],"author":[{"embeddable":true,"href":"https:\/\/salmiakki.fi\/index.php?rest_route=\/wp\/v2\/users\/2"}],"replies":[{"embeddable":true,"href":"https:\/\/salmiakki.fi\/index.php?rest_route=%2Fwp%2Fv2%2Fcomments&post=1458"}],"version-history":[{"count":3,"href":"https:\/\/salmiakki.fi\/index.php?rest_route=\/wp\/v2\/posts\/1458\/revisions"}],"predecessor-version":[{"id":1461,"href":"https:\/\/salmiakki.fi\/index.php?rest_route=\/wp\/v2\/posts\/1458\/revisions\/1461"}],"wp:attachment":[{"href":"https:\/\/salmiakki.fi\/index.php?rest_route=%2Fwp%2Fv2%2Fmedia&parent=1458"}],"wp:term":[{"taxonomy":"category","embeddable":true,"href":"https:\/\/salmiakki.fi\/index.php?rest_route=%2Fwp%2Fv2%2Fcategories&post=1458"},{"taxonomy":"post_tag","embeddable":true,"href":"https:\/\/salmiakki.fi\/index.php?rest_route=%2Fwp%2Fv2%2Ftags&post=1458"}],"curies":[{"name":"wp","href":"https:\/\/api.w.org\/{rel}","templated":true}]}}