{"id":1566,"date":"2019-03-03T14:42:46","date_gmt":"2019-03-03T12:42:46","guid":{"rendered":"http:\/\/salmiakki.fi\/?p=1566"},"modified":"2019-03-04T09:41:14","modified_gmt":"2019-03-04T07:41:14","slug":"baba-lybeck-ja-jari-tervo-yllattivat-gaalavaen-superpehmea-salmiakkiruutu-nappasi-finlandian%ef%bb%bf","status":"publish","type":"post","link":"https:\/\/salmiakki.fi\/?p=1566","title":{"rendered":"Baba Lybeck ja Jari Tervo yll\u00e4ttiv\u00e4t gaalav\u00e4en: Superpehme\u00e4 Salmiakkiruutu nappasi Finlandian!\ufeff"},"content":{"rendered":"\n<p><br> <\/p>\n\n\n\n<figure class=\"wp-block-image\"><img loading=\"lazy\" decoding=\"async\" width=\"768\" height=\"1024\" src=\"https:\/\/salmiakki.fi\/wp-content\/uploads\/2019\/03\/IMG_2823-e1551616544959-768x1024.jpg\" alt=\"\" class=\"wp-image-1567\" srcset=\"https:\/\/salmiakki.fi\/wp-content\/uploads\/2019\/03\/IMG_2823-e1551616544959-768x1024.jpg 768w, https:\/\/salmiakki.fi\/wp-content\/uploads\/2019\/03\/IMG_2823-e1551616544959-225x300.jpg 225w\" sizes=\"auto, (max-width: 768px) 100vw, 768px\" \/><figcaption>Halvan Superpehme\u00e4 Salmiakkiruutu. Foto \u00a9 Salmiakkiyhdistys<\/figcaption><\/figure>\n\n\n\n<p>Salmiakkituomarit <strong>Baba Lybeck<\/strong> ja <strong>Jari Tervo<\/strong> yll\u00e4ttiv\u00e4t gaalayleis\u00f6n voittajavalinnallaan lauantai-iltana. Arvovaltainen jury valitsi Salmiakki Finlandia -palkinnon saajaksi kotimaisen Halvan pussimakeisen <em>Superpehme\u00e4 Salmiakkiruutu<\/em>.&nbsp;<br><br>&#8211; Se on tuote, jota sy\u00f6 mielell\u00e4\u00e4n ja jota tekee mieli ottaa lis\u00e4\u00e4, Lybeck kiitteli Salmiakkigaalan l\u00e4mpi\u00f6ss\u00e4 tuoreeltaan, kun jury oli julistanut valintansa estradilla. <\/p>\n\n\n\n<p>&#8211; Sy\u00f6mishelppous, makuel\u00e4mys ja koostumus, h\u00e4n listasi perusteita, joiden takia tuomarit p\u00e4\u00e4tyiv\u00e4t Superpehme\u00e4\u00e4n.<\/p>\n\n\n\n<p>Halvan makeisesta onkin sanottu, ett\u00e4 sen pehme\u00e4 massa tuo mieleen marmeladin, mik\u00e4 on harvinaisuus salmiakkivarianttien joukossa. <\/p>\n\n\n\n<p>Superpehme\u00e4n sy\u00f6misess\u00e4 ei tarvitse odottaa, ett\u00e4 sinut palkitaan, Tervo t\u00e4ydensi viitaten siihen, ett\u00e4 karkin olennainen sis\u00e4lt\u00f6 on oitis kielen p\u00e4\u00e4ll\u00e4. <\/p>\n\n\n\n<p>&#8211; Emme kiinnitt\u00e4neet lainkaan huomiota siihen, onko ehdokas suuren valmistajan teollinen tuote vaiko pienen valmistajan s\u00f6p\u00f6 artesaanituote, Tervo taustoitti.<br><\/p>\n\n\n\n<p>Lybeckin ja Tervon kahdenkeskinen verbailu ja leikinlasku takalavalla tuo el\u00e4v\u00e4sti mieleen tv:n Uutisvuodon, jossa he esiintyiv\u00e4t yhdess\u00e4 vuosikausia. Tervo velmuilee, Lybeck puhkeaa nauruun, mik\u00e4 johtaa keskin\u00e4iseen naljailuun, jota s\u00e4est\u00e4\u00e4 molemminpuolinen hersyily. V\u00e4lill\u00e4 ei voi olla varma, ovatko he tosissaan vai ved\u00e4tt\u00e4v\u00e4tk\u00f6 herkk\u00e4uskoista.<\/p>\n\n\n\n<p>Kun suomenruotsalainen Baba k\u00e4ytt\u00e4\u00e4 Tyrkisk Peber -suklaasta vahingossa nime\u00e4 \u201dturkispippuri\u201d, Tervo tarttuu sanasta kiinni, makustelee sit\u00e4 ja nauraa hinkuen.<br><\/p>\n\n\n\n<figure class=\"wp-block-image is-resized\"><img loading=\"lazy\" decoding=\"async\" src=\"https:\/\/salmiakki.fi\/wp-content\/uploads\/2019\/03\/IMG_2866-1024x768.jpg\" alt=\"\" class=\"wp-image-1568\" width=\"312\" height=\"234\" srcset=\"https:\/\/salmiakki.fi\/wp-content\/uploads\/2019\/03\/IMG_2866-1024x768.jpg 1024w, https:\/\/salmiakki.fi\/wp-content\/uploads\/2019\/03\/IMG_2866-300x225.jpg 300w, https:\/\/salmiakki.fi\/wp-content\/uploads\/2019\/03\/IMG_2866-768x576.jpg 768w\" sizes=\"auto, (max-width: 312px) 100vw, 312px\" \/><figcaption>Baba Lybeck ja Jari Tervo hulluttelivat Salmiakkigaalan l\u00e4mpi\u00f6ss\u00e4.  <br>Foto \u00a9 Salmiakkiyhdistys<\/figcaption><\/figure>\n\n\n\n<p><br><strong>Tervon perhekin apuna<\/strong><br><br>Tuomarit olivat saaneet etuk\u00e4teen kotiin maisteltavaksi ehdokassetin. Jury ei viestitellyt ehdokasmieltymyksist\u00e4 kesken\u00e4\u00e4n ennen gaalaa, Tervo kertoo.<br><br>Tervon kotona vaimo <strong>Kati <\/strong>ja poika <strong>Kalle<\/strong> osallistuivat arviointisessioon, ja perheenj\u00e4senet kertoivat omat n\u00e4kemyksens\u00e4 tuomaroivan is\u00e4-Jarin ev\u00e4steeksi. Vaimo piti niin ik\u00e4\u00e4n Superpehme\u00e4st\u00e4, ja nuorison edustaja Kalle komppasi.<br>&#8211; Kati teki asiasta oikein isomman numeron: istuttiin ruokap\u00f6yd\u00e4ss\u00e4 ja kaikilla oli ehdokkaat eteens\u00e4 aseteltuina. <br><br>Lybeck kertoo sy\u00f6neens\u00e4 lounaalla miehens\u00e4 kanssa aluksi <em>Tuplan<\/em> kahvin kera j\u00e4lkk\u00e4riksi. Sitten h\u00e4n maistatti ehdokkaita nuorilla, jotka ovat paraikaa tekem\u00e4ss\u00e4 Baban tuottamaa dokumenttielokuvaa.<br>&#8211; Suurin osa nuorista tykk\u00e4si eniten <em>Tuimasta<\/em>, mutta samaan aikaan toisille se aiheutti uurgh-reaktion. <br><br>Tuomarit olivat olleet yht\u00e4 mielt\u00e4 siit\u00e4, ett\u00e4 suklaan ja salmiakin yhdistelm\u00e4 ei kuulu Salmiakki Finlandia -voittoon, mik\u00e4 rajasi jo kaksi tuotetta loppumittel\u00f6st\u00e4. Djungelvr\u00e5l-tikkarin kohtaloksi koitui se, ett\u00e4 mieto pallo pit\u00e4\u00e4 sisusjauhetta liian kauan k\u00e4tk\u00f6iss\u00e4\u00e4n.<br>&#8211; Kun ensi kerran s\u00f6in sit\u00e4, kesti muistaakseni kuusi minuuttia, kunnes (tikkarin sisuksesta) tuli suola-aalto, kertoi Tervo.<br><\/p>\n\n\n\n<figure class=\"wp-block-image\"><img loading=\"lazy\" decoding=\"async\" width=\"1024\" height=\"751\" src=\"https:\/\/salmiakki.fi\/wp-content\/uploads\/2019\/02\/Tuima2-Salmiakki-Finlandia-2019-ehdokas-1024x751.jpg\" alt=\"\" class=\"wp-image-1524\" srcset=\"https:\/\/salmiakki.fi\/wp-content\/uploads\/2019\/02\/Tuima2-Salmiakki-Finlandia-2019-ehdokas-1024x751.jpg 1024w, https:\/\/salmiakki.fi\/wp-content\/uploads\/2019\/02\/Tuima2-Salmiakki-Finlandia-2019-ehdokas-300x220.jpg 300w, https:\/\/salmiakki.fi\/wp-content\/uploads\/2019\/02\/Tuima2-Salmiakki-Finlandia-2019-ehdokas-768x563.jpg 768w\" sizes=\"auto, (max-width: 1024px) 100vw, 1024px\" \/><figcaption>Uutuustuote Tuima Salmiakkilaku (Lakumesta) voitti gaalan yleis\u00f6\u00e4\u00e4nestyksen.<br>Kuva: Salmiakkiyhdistys <\/figcaption><\/figure>\n\n\n\n<p>Gaalan yleis\u00f6\u00e4\u00e4nestyksen k\u00e4rkikahinoihin voittaja-Halva ei ylt\u00e4nyt. Gaalayleis\u00f6n mielest\u00e4 kuudesta ehdokkaasta paras tuote oli Lakumestan <em>Tuima Salmiakkilaku<\/em>. Yleis\u00f6\u00e4\u00e4niss\u00e4 Tuiman kannoilla olivat Cloettan \u201dsalmiakki-Tupla\u201d ja Namituvan <em>\u00c4rjy<\/em>.<\/p>\n","protected":false},"excerpt":{"rendered":"<p>Salmiakkituomarit Baba Lybeck ja Jari Tervo yll\u00e4ttiv\u00e4t gaalayleis\u00f6n voittajavalinnallaan lauantai-iltana. Arvovaltainen jury valitsi Salmiakki Finlandia -palkinnon saajaksi kotimaisen Halvan pussimakeisen Superpehme\u00e4 Salmiakkiruutu.&nbsp; &#8211; Se on tuote, jota sy\u00f6 mielell\u00e4\u00e4n ja jota tekee mieli ottaa lis\u00e4\u00e4, Lybeck kiitteli Salmiakkigaalan l\u00e4mpi\u00f6ss\u00e4 tuoreeltaan, &hellip; <a href=\"https:\/\/salmiakki.fi\/?p=1566\">Lue loppuun <span class=\"meta-nav\">&rarr;<\/span><\/a><\/p>\n","protected":false},"author":2,"featured_media":0,"comment_status":"closed","ping_status":"open","sticky":false,"template":"","format":"standard","meta":{"footnotes":""},"categories":[1],"tags":[],"class_list":["post-1566","post","type-post","status-publish","format-standard","hentry","category-ei-kategoriaa"],"_links":{"self":[{"href":"https:\/\/salmiakki.fi\/index.php?rest_route=\/wp\/v2\/posts\/1566","targetHints":{"allow":["GET"]}}],"collection":[{"href":"https:\/\/salmiakki.fi\/index.php?rest_route=\/wp\/v2\/posts"}],"about":[{"href":"https:\/\/salmiakki.fi\/index.php?rest_route=\/wp\/v2\/types\/post"}],"author":[{"embeddable":true,"href":"https:\/\/salmiakki.fi\/index.php?rest_route=\/wp\/v2\/users\/2"}],"replies":[{"embeddable":true,"href":"https:\/\/salmiakki.fi\/index.php?rest_route=%2Fwp%2Fv2%2Fcomments&post=1566"}],"version-history":[{"count":4,"href":"https:\/\/salmiakki.fi\/index.php?rest_route=\/wp\/v2\/posts\/1566\/revisions"}],"predecessor-version":[{"id":1579,"href":"https:\/\/salmiakki.fi\/index.php?rest_route=\/wp\/v2\/posts\/1566\/revisions\/1579"}],"wp:attachment":[{"href":"https:\/\/salmiakki.fi\/index.php?rest_route=%2Fwp%2Fv2%2Fmedia&parent=1566"}],"wp:term":[{"taxonomy":"category","embeddable":true,"href":"https:\/\/salmiakki.fi\/index.php?rest_route=%2Fwp%2Fv2%2Fcategories&post=1566"},{"taxonomy":"post_tag","embeddable":true,"href":"https:\/\/salmiakki.fi\/index.php?rest_route=%2Fwp%2Fv2%2Ftags&post=1566"}],"curies":[{"name":"wp","href":"https:\/\/api.w.org\/{rel}","templated":true}]}}