{"id":1664,"date":"2022-07-29T22:59:52","date_gmt":"2022-07-29T20:59:52","guid":{"rendered":"https:\/\/salmiakki.fi\/?p=1664"},"modified":"2022-08-03T16:11:00","modified_gmt":"2022-08-03T14:11:00","slug":"ilmoittaudu-salmiakkipiknikille-2","status":"publish","type":"post","link":"https:\/\/salmiakki.fi\/?p=1664","title":{"rendered":"Ilmoittaudu Salmiakkipiknikille"},"content":{"rendered":"\n<p>Kyll\u00e4. Salmiakkipiknik j\u00e4rjestet\u00e4\u00e4n vuosien tauon j\u00e4lkeen! <br>Piknikv\u00e4ki kokoontuu lauantaina 20. elokuuta 2022 Suomenlinnassa Helsingiss\u00e4.&nbsp;<\/p>\n\n\n\n<figure class=\"wp-block-image size-large\"><a href=\"https:\/\/salmiakki.fi\/wp-content\/uploads\/2013\/01\/rintanapit.jpg\"><img loading=\"lazy\" decoding=\"async\" width=\"567\" height=\"380\" src=\"https:\/\/salmiakki.fi\/wp-content\/uploads\/2013\/01\/rintanapit.jpg\" alt=\"\" class=\"wp-image-430\" srcset=\"https:\/\/salmiakki.fi\/wp-content\/uploads\/2013\/01\/rintanapit.jpg 567w, https:\/\/salmiakki.fi\/wp-content\/uploads\/2013\/01\/rintanapit-300x201.jpg 300w\" sizes=\"auto, (max-width: 567px) 100vw, 567px\" \/><\/a><figcaption>Kuva: Salmiakkiyhdistys<\/figcaption><\/figure>\n\n\n\n<p>Osallistujat arvioivat yhdistyksen tuomia makeisn\u00e4ytteit\u00e4 kouluarvosanoin ja verbaalisti. Arviot kootaan j\u00e4lkik\u00e4teen tuotteiden valmistajille ja\/tai maahantuojille.&nbsp;<\/p>\n\n\n\n<p><strong>HSL:n lautta<\/strong> <strong>Kauppatorilta<\/strong><\/p>\n\n\n\n<p>L\u00e4ht\u00f6 Kauppatorilta klo 13.30 julkisen liikenteen lautalla (HSL). Yhdistyksen edustaja(t) on vastassa lauttarannassa Suomenlinnan p\u00e4\u00e4ss\u00e4 mukanaan A4-jullari, jossa lukee \u2013 ta-daa \u2013 <em>Salmiakkipiknik<\/em>. &nbsp;<\/p>\n\n\n\n<p><strong>Kuka voi osallistua?<\/strong><\/p>\n\n\n\n<p>Voit osallistua piknikille, jos olet maksanut yhdistyksen kannatusluonteisen j\u00e4senmaksun (14 euroa) vuonna 2020, 2021 tai 2022.&nbsp;(Viime ja toissa vuonna ei j\u00e4rjestetty pikniki\u00e4 eik\u00e4 gaalaa.)<\/p>\n\n\n\n<p>Jos sinulla on maksukuitti piknikill\u00e4 mukana (printtin\u00e4 tai k\u00e4nnyk\u00e4n n\u00e4yt\u00f6ll\u00e4), asiat etenev\u00e4t juoheasti.&nbsp;<\/p>\n\n\n\n<p>Jos et ole j\u00e4sen, mutta mielit piknikille, voit maksaa paikan p\u00e4\u00e4ll\u00e4 <em>k\u00e4teisell\u00e4<\/em> 10 euron osallistumismaksun (<strong>tai<\/strong> 14 euron kannatusj\u00e4senyyden, ei molempia).<\/p>\n\n\n\n<p><strong>T\u00c4RKE\u00c4\u00c4: ILMOITTAUDU AJOISSA<\/strong><\/p>\n\n\n\n<p>Riitt\u00e4vien karkki-ym. j\u00e4rjestelyjen takaamiseksi pyyd\u00e4mme ilmoittautumiset 17. elokuuta menness\u00e4 osoitteeseen <strong>salmiakki.fi(AT)gmail.com<\/strong>.<\/p>\n\n\n\n<p><strong>Tilinumero<\/strong><\/p>\n\n\n\n<p>Voit maksaa j\u00e4senyyden (14 e) <strong>tai<\/strong> osallistumismaksun (10 e) etuk\u00e4teen\u00a0OP-tilille\u00a0<br><strong>fi 33 5724 1160 9123 43<\/strong>.\u00a0<br>Kirjoita saatetietoihin selite &#8221;j\u00e4sen 2022&#8221; tai &#8221;piknik 2022&#8221;. <\/p>\n\n\n\n<p><strong>Sijainti saarella<\/strong><\/p>\n\n\n\n<p>Pyrimme t\u00e4ll\u00e4kin kertaa asemoitumaan liki Suomenlinnan ev\u00e4sruokailutilaa, joka l\u00f6ytyy <a href=\"https:\/\/s3-eu-west-1.amazonaws.com\/frantic\/suomenlinna\/2019\/04\/Kartta.pdf\">kartasta<\/a> kohdenumerolla 41 (huomaa, ett\u00e4 HSL-lauttalaiturista sinne on joltisenkin matkaa). Asetumme mahdollisesti ev\u00e4sruokailutilan viereiselle kalliolle, mutta t\u00e4m\u00e4 varmistuu l\u00e4hemp\u00e4n\u00e4 tapahtuman ajankohtaa. Ja: toivokaamme suht asiallista s\u00e4\u00e4tilaa! <a href=\"https:\/\/www.suomenlinna.fi\/kavijalle\/muut-palvelut\/evasruokailutila\/\">https:\/\/www.suomenlinna.fi\/kavijalle\/muut-palvelut\/evasruokailutila\/<\/a><\/p>\n\n\n\n<p><strong>Lautta-aikataulu:&nbsp;<\/strong><\/p>\n\n\n\n<p><a href=\"https:\/\/frantic.s3.eu-west-1.amazonaws.com\/suomenlinna\/2022\/04\/29085513\/Lauttaaikataulut-kesa-2022-WEB.pdf\">https:\/\/frantic.s3.eu-west-1.amazonaws.com\/suomenlinna\/2022\/04\/29085513\/Lauttaaikataulut-kesa-2022-WEB.pdf<\/a><\/p>\n\n\n\n<p>Kukin vastaa omasta liikkumisestaan saarella. \u00c4lk\u00e4\u00e4mme roskatko, pidet\u00e4\u00e4n saaristo siistin\u00e4 piknikill\u00e4(kin)!&nbsp;<\/p>\n\n\n\n<p>V\u00e4lkommenssons!&nbsp;<\/p>\n\n\n\n<p>Salmiakillisin terveisin,&nbsp;<\/p>\n\n\n\n<p>Suomen Salmiakkiyhdistys&nbsp;\/ Finska Salmiakf\u00f6reningen&nbsp;<br>puh.joht. Jukka Annala &amp; salmarikonklaavi<\/p>\n\n\n\n<p>salmiakki.fi(AT)gmail.com<\/p>\n","protected":false},"excerpt":{"rendered":"<p>Kyll\u00e4. Salmiakkipiknik j\u00e4rjestet\u00e4\u00e4n vuosien tauon j\u00e4lkeen! Piknikv\u00e4ki kokoontuu lauantaina 20. elokuuta 2022 Suomenlinnassa Helsingiss\u00e4.&nbsp; Osallistujat arvioivat yhdistyksen tuomia makeisn\u00e4ytteit\u00e4 kouluarvosanoin ja verbaalisti. Arviot kootaan j\u00e4lkik\u00e4teen tuotteiden valmistajille ja\/tai maahantuojille.&nbsp; HSL:n lautta Kauppatorilta L\u00e4ht\u00f6 Kauppatorilta klo 13.30 julkisen liikenteen lautalla (HSL). &hellip; <a href=\"https:\/\/salmiakki.fi\/?p=1664\">Lue loppuun <span class=\"meta-nav\">&rarr;<\/span><\/a><\/p>\n","protected":false},"author":2,"featured_media":0,"comment_status":"closed","ping_status":"open","sticky":false,"template":"","format":"standard","meta":{"footnotes":""},"categories":[1],"tags":[],"class_list":["post-1664","post","type-post","status-publish","format-standard","hentry","category-ei-kategoriaa"],"_links":{"self":[{"href":"https:\/\/salmiakki.fi\/index.php?rest_route=\/wp\/v2\/posts\/1664","targetHints":{"allow":["GET"]}}],"collection":[{"href":"https:\/\/salmiakki.fi\/index.php?rest_route=\/wp\/v2\/posts"}],"about":[{"href":"https:\/\/salmiakki.fi\/index.php?rest_route=\/wp\/v2\/types\/post"}],"author":[{"embeddable":true,"href":"https:\/\/salmiakki.fi\/index.php?rest_route=\/wp\/v2\/users\/2"}],"replies":[{"embeddable":true,"href":"https:\/\/salmiakki.fi\/index.php?rest_route=%2Fwp%2Fv2%2Fcomments&post=1664"}],"version-history":[{"count":8,"href":"https:\/\/salmiakki.fi\/index.php?rest_route=\/wp\/v2\/posts\/1664\/revisions"}],"predecessor-version":[{"id":1684,"href":"https:\/\/salmiakki.fi\/index.php?rest_route=\/wp\/v2\/posts\/1664\/revisions\/1684"}],"wp:attachment":[{"href":"https:\/\/salmiakki.fi\/index.php?rest_route=%2Fwp%2Fv2%2Fmedia&parent=1664"}],"wp:term":[{"taxonomy":"category","embeddable":true,"href":"https:\/\/salmiakki.fi\/index.php?rest_route=%2Fwp%2Fv2%2Fcategories&post=1664"},{"taxonomy":"post_tag","embeddable":true,"href":"https:\/\/salmiakki.fi\/index.php?rest_route=%2Fwp%2Fv2%2Ftags&post=1664"}],"curies":[{"name":"wp","href":"https:\/\/api.w.org\/{rel}","templated":true}]}}