{"id":2040,"date":"2025-10-23T14:19:48","date_gmt":"2025-10-23T12:19:48","guid":{"rendered":"https:\/\/salmiakki.fi\/?p=2040"},"modified":"2025-10-23T14:52:48","modified_gmt":"2025-10-23T12:52:48","slug":"salmiakkipysti-on-nyt-valmis-odottaa-voittajaa-salmiakkigaalassa","status":"publish","type":"post","link":"https:\/\/salmiakki.fi\/?p=2040","title":{"rendered":"Salmiakkipysti on nyt valmis \u2013 odottaa voittajaa Salmiakkigaalassa!"},"content":{"rendered":"\n<p><\/p>\n\n\n\n<figure class=\"wp-block-image size-large\"><a href=\"https:\/\/salmiakki.fi\/wp-content\/uploads\/2025\/10\/Salmiakki-Finlandia-2025-pysti-Tebian-3-1-scaled.jpg\"><img loading=\"lazy\" decoding=\"async\" width=\"1024\" height=\"683\" src=\"https:\/\/salmiakki.fi\/wp-content\/uploads\/2025\/10\/Salmiakki-Finlandia-2025-pysti-Tebian-3-1-1024x683.jpg\" alt=\"\" class=\"wp-image-2042\" srcset=\"https:\/\/salmiakki.fi\/wp-content\/uploads\/2025\/10\/Salmiakki-Finlandia-2025-pysti-Tebian-3-1-1024x683.jpg 1024w, https:\/\/salmiakki.fi\/wp-content\/uploads\/2025\/10\/Salmiakki-Finlandia-2025-pysti-Tebian-3-1-300x200.jpg 300w, https:\/\/salmiakki.fi\/wp-content\/uploads\/2025\/10\/Salmiakki-Finlandia-2025-pysti-Tebian-3-1-768x512.jpg 768w, https:\/\/salmiakki.fi\/wp-content\/uploads\/2025\/10\/Salmiakki-Finlandia-2025-pysti-Tebian-3-1-1536x1024.jpg 1536w, https:\/\/salmiakki.fi\/wp-content\/uploads\/2025\/10\/Salmiakki-Finlandia-2025-pysti-Tebian-3-1-2048x1365.jpg 2048w\" sizes=\"auto, (max-width: 1024px) 100vw, 1024px\" \/><\/a><figcaption class=\"wp-element-caption\">Upea Salmiakki Finlandia 2025 -palkinto on t\u00e4ss\u00e4! Sen saaja valitaan kuuden ehdokkaan joukosta lauantaina (25.10.) Salmiakkigaalassa ravintola Dubrovnikissa Helsingiss\u00e4. Foto \u00a9 Tebian<\/figcaption><\/figure>\n\n\n\n<p><\/p>\n\n\n\n<p>Salmiakkigaalassa parhaan makeisen valmistaja saa uniikin Salmiakki Finlandia 2025 -palkinnon, jonka on suunnitellut ja valmistanut helsinkil\u00e4inen muotoilija, salmiakkifani <strong>Teppo Lakaniemi<\/strong>.<\/p>\n\n\n\n<p> &#8221;T\u00e4m\u00e4n palkinnon tekeminen on minulle suuri kunnia-asia, ja olen otettu, ett\u00e4 saan sen tehd\u00e4 vuosittain&#8221;, h\u00e4n kertoo.<\/p>\n\n\n\n<p>&#8221;On hienoa, kun vuosien j\u00e4lkeen palkinto taas p\u00e4\u00e4st\u00e4\u00e4n jakamaan.\u201d <\/p>\n\n\n\n<p>Tepon vuosien varrella tekemien Salmiakki Finlandia -palkintojen kantava teema on ollut klassinen geometrinen salmiakkikuvio. Niin nytkin.<\/p>\n\n\n\n<p>&#8221;T\u00e4n\u00e4 vuonna palkinto kuvastaa virrassa virtaavaa salmiakkia. Sit\u00e4 voittajaa siis, joka sielt\u00e4 nousee kuohuista pinnalle.\u201d&nbsp;<\/p>\n\n\n\n<p>Materiaalina on eurooppalainen tammi. Teppo on v\u00e4rj\u00e4nnyt ja puleerannut pystin toisen osan Indian ink -mustalla, ja mustan pinnan alta n\u00e4kyy kauniisti puun syyrakenne. Alaosaan on upotettu messinkilaatta, jossa lukee Salmiakki Finlandia 2025.&nbsp;<\/p>\n\n\n\n<p>&#8221;Arvostan todella paljon, ett\u00e4 t\u00e4t\u00e4 gaalaa j\u00e4rjestet\u00e4\u00e4n ja muutenkin Salmiakkiyhdistyksen toimintaa. N\u00e4m\u00e4 voivat vaikuttaa ei-niin-t\u00e4rkeilt\u00e4 asioilta, mutta niill\u00e4 on todellisuudessa suuret vaikutukset.&#8221;<\/p>\n\n\n\n<p>Mit\u00e4 asioita odotat lauantain <a href=\"https:\/\/salmiakki.fi\/?p=1951\" data-type=\"link\" data-id=\"https:\/\/salmiakki.fi\/?p=1951\">Salmiakkigaalalta<\/a>?&nbsp;<\/p>\n\n\n\n<p>&#8221;Odotan iloista, kivaa iltaa, jossa tunnelma on tulinen. On my\u00f6s kiva n\u00e4hd\u00e4 <a href=\"https:\/\/salmiakki.fi\/?p=1033\" data-type=\"link\" data-id=\"https:\/\/salmiakki.fi\/?p=1033\">Jahnukaiset<\/a> lavalla vuosien j\u00e4lkeen.&#8221;<\/p>\n\n\n\n<figure class=\"wp-block-image size-large\"><a href=\"https:\/\/salmiakki.fi\/wp-content\/uploads\/2025\/10\/Teppo-Lakaniemi-henkilofoto-.TEBIAN_\u00a9-Brinna-1-scaled.jpg\"><img loading=\"lazy\" decoding=\"async\" width=\"682\" height=\"1024\" src=\"https:\/\/salmiakki.fi\/wp-content\/uploads\/2025\/10\/Teppo-Lakaniemi-henkilofoto-.TEBIAN_\u00a9-Brinna-1-682x1024.jpg\" alt=\"\" class=\"wp-image-2044\" srcset=\"https:\/\/salmiakki.fi\/wp-content\/uploads\/2025\/10\/Teppo-Lakaniemi-henkilofoto-.TEBIAN_\u00a9-Brinna-1-682x1024.jpg 682w, https:\/\/salmiakki.fi\/wp-content\/uploads\/2025\/10\/Teppo-Lakaniemi-henkilofoto-.TEBIAN_\u00a9-Brinna-1-200x300.jpg 200w, https:\/\/salmiakki.fi\/wp-content\/uploads\/2025\/10\/Teppo-Lakaniemi-henkilofoto-.TEBIAN_\u00a9-Brinna-1-768x1152.jpg 768w, https:\/\/salmiakki.fi\/wp-content\/uploads\/2025\/10\/Teppo-Lakaniemi-henkilofoto-.TEBIAN_\u00a9-Brinna-1-1024x1536.jpg 1024w, https:\/\/salmiakki.fi\/wp-content\/uploads\/2025\/10\/Teppo-Lakaniemi-henkilofoto-.TEBIAN_\u00a9-Brinna-1-1365x2048.jpg 1365w, https:\/\/salmiakki.fi\/wp-content\/uploads\/2025\/10\/Teppo-Lakaniemi-henkilofoto-.TEBIAN_\u00a9-Brinna-1-scaled.jpg 1706w\" sizes=\"auto, (max-width: 682px) 100vw, 682px\" \/><\/a><figcaption class=\"wp-element-caption\">Teppo Lakaniemi, Salmiakki Finlandia -palkinnon hovivalmistaja. Foto \u00a9 Brinna<\/figcaption><\/figure>\n\n\n\n<p>Millainen tunne sinulle syntyy salmiakin nauttimisesta?&nbsp;<\/p>\n\n\n\n<p>&#8221;Olen havainnut, ett\u00e4 kun minulla on stressi, niin turvaudun jostain syyst\u00e4 melko usein salmiakkiin. Se tuntuu rauhoittavan. En usko, ett\u00e4 t\u00e4ll\u00e4 on l\u00e4\u00e4ketieteen kanssa mit\u00e4\u00e4n tekemist\u00e4, mutta ainakin se toimii.&#8221;<\/p>\n\n\n\n<p>Tapaatko kenties nauttia jotakin muutakin salmiakin kanssa?&nbsp;<\/p>\n\n\n\n<p>&#8221;Olen sen verran puritanisti, ett\u00e4 ihan ilman h\u00e4iri\u00f6tekij\u00f6it\u00e4 menn\u00e4\u00e4n. Vadelmakarkki ja salmiakkikarkki on kyll\u00e4 loistava yhdistelm\u00e4. Innokkaana pullantekij\u00e4n\u00e4 olen kyll\u00e4 ajatellut koittaa tehd\u00e4 parhaan salmiakkipullan, mit\u00e4 maa p\u00e4\u00e4ll\u00e4\u00e4n kantaa. Siin\u00e4h\u00e4n yhdistyisi pullan sy\u00f6minen salmiakin kanssa.&#8221;<\/p>\n\n\n\n<p>Teppo on salmiakkirakkautensa ohessa muutenkin eritt\u00e4in antaumuksellinen ja laaja-alainen karkki-ihminen. H\u00e4n kertoo pit\u00e4v\u00e4ns\u00e4 p\u00e4ivittyv\u00e4\u00e4 makeissuosikkilistaa, jolle on vaikea p\u00e4\u00e4st\u00e4. Paras karkki on vuosia ollut Haribon Vampyrer ja kakkossijaa on pit\u00e4nyt Syrlinger. Sen lis\u00e4ksi h\u00e4n mainitsee eri yhteyksiss\u00e4 ainakin n\u00e4m\u00e4: Salmingar, Noitapilli, (mahdollisesti Grahnsin) vaahtomansikkakarkki, Fazerin perussalmiakki, L\u00e4kerol Hot Pepper. Ja Italian-reissuilta h\u00e4n kantaa kotiin Goleador-lakritsitankoja.\u00a0<\/p>\n\n\n\n<p>Salmiakki.fi kysyy viel\u00e4 lapsuuden varhaista salmiakkimuistoa.&nbsp;<\/p>\n\n\n\n<p>Teppo kertoo muistavansa p\u00e4iv\u00e4retken, kun t\u00e4tins\u00e4 oli hoitamassa h\u00e4nt\u00e4 1980-luvulla Porvoossa. He hakivat T-marketista ev\u00e4\u00e4t: lihapiirakan, maidon ja muutaman pienen salmiakkip\u00e4\u00e4kallon.&nbsp;<\/p>\n\n\n\n<p>&#8221;Ne olivat sellaisessa kannellisessa lasipurkissa palvelutiskin p\u00e4\u00e4ll\u00e4 esill\u00e4. Sellaisen tiskin, johon en itse ylt\u00e4nyt mill\u00e4\u00e4n. Sielt\u00e4 ne laitettiin pieneen paperipussiin, joka sitten ojennettiin minulle.\u201d<\/p>\n\n\n\n<p>H\u00e4n haluaa tarkentaa, ett\u00e4 kallot eiv\u00e4t olleet perus-p\u00e4\u00e4kallokarkkeja, jotka tuolloin olivat isompia ja voimakkaamman makuisia.<\/p>\n\n\n\n<p>Matka alkoi. T\u00e4ti ja poika pys\u00e4htyiv\u00e4t sitten m\u00e4en p\u00e4\u00e4lle puupenkille istumaan ja katsoivat ohi ajavia autoja nauttien ev\u00e4ist\u00e4. Kun lihapiirakka ja pieni maito oli nautittu, poika sai lopuksi ne pienet salmiakkip\u00e4\u00e4kallot.<\/p>\n\n\n\n<p>Teppo muistaa yh\u00e4 hyvin, kuinka p\u00e4\u00e4kallokarkit olivat pinnaltaan hiukan &#8221;rasvaisia&#8221;, ja matkan aikana ne olivat tahranneet paperipussia niin, ett\u00e4 pussin ulkopinta oli muuttunut hiukan tummemmaksi karkkien kohdalta.&nbsp;<\/p>\n\n\n\n<p>&#8221;Istuin siin\u00e4 tukista tehdyn penkin p\u00e4\u00e4ll\u00e4, ilma oli l\u00e4mmin. Oli hyv\u00e4 olla. En ole vuosiin n\u00e4hnyt niit\u00e4 mustia pieni\u00e4 salmiakkip\u00e4\u00e4kalloja miss\u00e4\u00e4n.&#8221;<\/p>\n\n\n\n<p><\/p>\n\n\n\n<figure class=\"wp-block-image size-large\"><a href=\"https:\/\/salmiakki.fi\/wp-content\/uploads\/2025\/10\/Salmiakki-Finlandia-2025-pysti-Tebian-4-scaled.jpg\"><img loading=\"lazy\" decoding=\"async\" width=\"1024\" height=\"683\" src=\"https:\/\/salmiakki.fi\/wp-content\/uploads\/2025\/10\/Salmiakki-Finlandia-2025-pysti-Tebian-4-1024x683.jpg\" alt=\"\" class=\"wp-image-2046\" srcset=\"https:\/\/salmiakki.fi\/wp-content\/uploads\/2025\/10\/Salmiakki-Finlandia-2025-pysti-Tebian-4-1024x683.jpg 1024w, https:\/\/salmiakki.fi\/wp-content\/uploads\/2025\/10\/Salmiakki-Finlandia-2025-pysti-Tebian-4-300x200.jpg 300w, https:\/\/salmiakki.fi\/wp-content\/uploads\/2025\/10\/Salmiakki-Finlandia-2025-pysti-Tebian-4-768x512.jpg 768w, https:\/\/salmiakki.fi\/wp-content\/uploads\/2025\/10\/Salmiakki-Finlandia-2025-pysti-Tebian-4-1536x1024.jpg 1536w, https:\/\/salmiakki.fi\/wp-content\/uploads\/2025\/10\/Salmiakki-Finlandia-2025-pysti-Tebian-4-2048x1365.jpg 2048w\" sizes=\"auto, (max-width: 1024px) 100vw, 1024px\" \/><\/a><figcaption class=\"wp-element-caption\"> Foto \u00a9 Tebian<\/figcaption><\/figure>\n\n\n\n<p><em>Voit tutustua muotoilija Teppo Lakaniemen t\u00f6ihin h\u00e4nen <a href=\"https:\/\/www.tebian.fi\" data-type=\"link\" data-id=\"https:\/\/www.tebian.fi\">verkkosivullaan<\/a> ja <a href=\"http:\/\/instagram.com\/tebiandesign\" data-type=\"link\" data-id=\"instagram.com\/tebiandesign\">Instagramissa<\/a>.<\/em><\/p>\n\n\n\n<p><\/p>\n\n\n\n<p><\/p>\n\n\n\n<figure class=\"wp-block-image size-large\"><a href=\"https:\/\/salmiakki.fi\/wp-content\/uploads\/2025\/10\/Salmiakkigaala2025-2.jpg\"><img loading=\"lazy\" decoding=\"async\" width=\"1024\" height=\"379\" src=\"https:\/\/salmiakki.fi\/wp-content\/uploads\/2025\/10\/Salmiakkigaala2025-2-1024x379.jpg\" alt=\"\" class=\"wp-image-2045\" srcset=\"https:\/\/salmiakki.fi\/wp-content\/uploads\/2025\/10\/Salmiakkigaala2025-2-1024x379.jpg 1024w, https:\/\/salmiakki.fi\/wp-content\/uploads\/2025\/10\/Salmiakkigaala2025-2-300x111.jpg 300w, https:\/\/salmiakki.fi\/wp-content\/uploads\/2025\/10\/Salmiakkigaala2025-2-768x284.jpg 768w, https:\/\/salmiakki.fi\/wp-content\/uploads\/2025\/10\/Salmiakkigaala2025-2-1536x569.jpg 1536w, https:\/\/salmiakki.fi\/wp-content\/uploads\/2025\/10\/Salmiakkigaala2025-2-2048x758.jpg 2048w\" sizes=\"auto, (max-width: 1024px) 100vw, 1024px\" \/><\/a><\/figure>\n\n\n\n<p><em>Salmiakkigaala on lauantai-iltana 25. lokakuuta klo 19-02 ravintola Dubrovnikissa Helsingin Konepajalla, Traverssikuja 3. Lue gaalasta lis\u00e4\u00e4 <a href=\"https:\/\/salmiakki.fi\/?p=1951\" data-type=\"link\" data-id=\"https:\/\/salmiakki.fi\/?p=1951\">t\u00e4\u00e4lt\u00e4<\/a>. Palkintoehdokkaat ovat <a href=\"https:\/\/salmiakki.fi\/?p=1993\" data-type=\"link\" data-id=\"https:\/\/salmiakki.fi\/?p=1993\">t\u00e4\u00e4ll\u00e4<\/a>.<\/em> Liput voi hankkia ennakkoon <a href=\"https:\/\/salmiakki.fi\/?page_id=5\" data-type=\"link\" data-id=\"https:\/\/salmiakki.fi\/?page_id=5\">t\u00e4st\u00e4<\/a>.<br><br><em>Salmiakkigaalan j\u00e4rjest\u00e4\u00e4 kuluttajayhteis\u00f6 Suomen Salmiakkiyhdistys.<br>Tapahtuma pidet\u00e4\u00e4n samana viikonloppuna kuin Helsingin Lakritsi- ja salmiakkifestivaali (25.-26.10.), jonka j\u00e4rjest\u00e4v\u00e4t&nbsp;<a href=\"https:\/\/www.lakritsifestivaalit.fi\/\">Wanhassa Satamassa<\/a>&nbsp;yhti\u00f6t Lakrits Finland ja The Satama.<\/em><\/p>\n\n\n\n<p><\/p>\n\n\n\n<p><\/p>\n","protected":false},"excerpt":{"rendered":"<p>Salmiakkigaalassa parhaan makeisen valmistaja saa uniikin Salmiakki Finlandia 2025 -palkinnon, jonka on suunnitellut ja valmistanut helsinkil\u00e4inen muotoilija, salmiakkifani Teppo Lakaniemi. &#8221;T\u00e4m\u00e4n palkinnon tekeminen on minulle suuri kunnia-asia, ja olen otettu, ett\u00e4 saan sen tehd\u00e4 vuosittain&#8221;, h\u00e4n kertoo. &#8221;On hienoa, kun &hellip; <a href=\"https:\/\/salmiakki.fi\/?p=2040\">Lue loppuun <span class=\"meta-nav\">&rarr;<\/span><\/a><\/p>\n","protected":false},"author":2,"featured_media":0,"comment_status":"closed","ping_status":"open","sticky":false,"template":"","format":"standard","meta":{"footnotes":""},"categories":[1],"tags":[],"class_list":["post-2040","post","type-post","status-publish","format-standard","hentry","category-ei-kategoriaa"],"_links":{"self":[{"href":"https:\/\/salmiakki.fi\/index.php?rest_route=\/wp\/v2\/posts\/2040","targetHints":{"allow":["GET"]}}],"collection":[{"href":"https:\/\/salmiakki.fi\/index.php?rest_route=\/wp\/v2\/posts"}],"about":[{"href":"https:\/\/salmiakki.fi\/index.php?rest_route=\/wp\/v2\/types\/post"}],"author":[{"embeddable":true,"href":"https:\/\/salmiakki.fi\/index.php?rest_route=\/wp\/v2\/users\/2"}],"replies":[{"embeddable":true,"href":"https:\/\/salmiakki.fi\/index.php?rest_route=%2Fwp%2Fv2%2Fcomments&post=2040"}],"version-history":[{"count":4,"href":"https:\/\/salmiakki.fi\/index.php?rest_route=\/wp\/v2\/posts\/2040\/revisions"}],"predecessor-version":[{"id":2051,"href":"https:\/\/salmiakki.fi\/index.php?rest_route=\/wp\/v2\/posts\/2040\/revisions\/2051"}],"wp:attachment":[{"href":"https:\/\/salmiakki.fi\/index.php?rest_route=%2Fwp%2Fv2%2Fmedia&parent=2040"}],"wp:term":[{"taxonomy":"category","embeddable":true,"href":"https:\/\/salmiakki.fi\/index.php?rest_route=%2Fwp%2Fv2%2Fcategories&post=2040"},{"taxonomy":"post_tag","embeddable":true,"href":"https:\/\/salmiakki.fi\/index.php?rest_route=%2Fwp%2Fv2%2Ftags&post=2040"}],"curies":[{"name":"wp","href":"https:\/\/api.w.org\/{rel}","templated":true}]}}