{"id":502,"date":"2013-07-13T13:47:23","date_gmt":"2013-07-13T11:47:23","guid":{"rendered":"http:\/\/salmiakki.fi\/?p=502"},"modified":"2013-07-16T14:05:04","modified_gmt":"2013-07-16T12:05:04","slug":"salmiakkipiknikraadin-tulokset-luvassa-14-7-illalla","status":"publish","type":"post","link":"https:\/\/salmiakki.fi\/?p=502","title":{"rendered":"Namituvan tikkari ykk\u00f6seksi salmiakkipiknikill\u00e4"},"content":{"rendered":"<p><strong>Salmiakkipiknik 2013 -makuraadin kilpasarja oli kutkuttavan j\u00e4nnitt\u00e4v\u00e4. Kahdeksan testituotteen joukosta ykk\u00f6seksi kurotti kotimaisen Namituvan valmistama salmiakkitikkari.\u00a0<\/strong><\/p>\n<p>N\u00e4in jakautuivat raadin pojojen keskiarvot:<\/p>\n<p><strong>1.\u00a0PIKKUTIKKARI-SALMIAKKI\u00a0<\/strong>(Namitupa, Suomi)\u00a0<strong>7,80<\/strong><\/p>\n<div id=\"attachment_508\" style=\"width: 650px\" class=\"wp-caption alignright\"><a href=\"https:\/\/salmiakki.fi\/wp-content\/uploads\/2013\/07\/IMG_37041.jpg\"><img loading=\"lazy\" decoding=\"async\" aria-describedby=\"caption-attachment-508\" class=\"size-large wp-image-508\" title=\"Piknikraadin ykk\u00f6nen: Namituvan Pikkutikkari-salmiakki. Joku raatilainen huomautti, ett\u00e4 eih\u00e4n tikkari ole pieni vaan normaalikokoinen. Kuva: Finska Salmiakf\u00f6reningen\" src=\"https:\/\/salmiakki.fi\/wp-content\/uploads\/2013\/07\/IMG_37041-1024x764.jpg\" alt=\"\" width=\"640\" height=\"477\" srcset=\"https:\/\/salmiakki.fi\/wp-content\/uploads\/2013\/07\/IMG_37041-1024x764.jpg 1024w, https:\/\/salmiakki.fi\/wp-content\/uploads\/2013\/07\/IMG_37041-300x224.jpg 300w\" sizes=\"auto, (max-width: 640px) 100vw, 640px\" \/><\/a><p id=\"caption-attachment-508\" class=\"wp-caption-text\">Piknikraati \u00e4\u00e4nesti parhaaksi Namituvan Pikkutikkari-salmiakin. Monet raatilaiset huomauttivat, ett\u00e4 eih\u00e4n tikkari ole laisinkaan pieni, vaan joillekin jopa hiukan isonpuoleinen. Kuva: Finska Salmiakf\u00f6reningen<\/p><\/div>\n<p><span style=\"color: #000000;\"><strong><br \/>\n<\/strong><\/span><\/p>\n<p>&nbsp;<\/p>\n<p>Raatilaisten kommentteja:<em> &#8221;Nime\u00e4\u00e4n isompi tikkari. Just n\u00e4in: t\u00e4ytel\u00e4inen, salmiakkinen. Huippumaku! Riittoisa. Maku kest\u00e4\u00e4 suussa pitk\u00e4\u00e4n. Pinta mieto, paranee loppua kohti, kun maku ter\u00e4v\u00f6ityy.\u00a0Pakattu s\u00f6p\u00f6sti &amp; vanhanaikaisesti. Miksi nimi on pikkutikkari?\u00a0Ulkon\u00e4\u00f6st\u00e4: ihan kuin isovarvasta imeskelisi. Tikku taipuu\/irtoaa.&#8221;\u00a0<\/em><\/p>\n<p><a href=\"namitupa.fi\"><em><\/em>namitupa.fi<\/a><\/p>\n<p>Salmiakkiyhdistys toi piknikil\u00e4isille arvioitavaksi nelj\u00e4n valmistajan tuotteita, jotka ovat enemm\u00e4n tai v\u00e4hemm\u00e4n uutuuksia &#8211; ja osaa niist\u00e4 ei saa lainkaan Suomesta, ainakaan toistaiseksi. Pikniktestiss\u00e4 oli nyt ensimm\u00e4ist\u00e4 kertaa my\u00f6s islantilaisia salmiakkeja.<\/p>\n<p>Piknikraati antoi kommentteja kouluarvosanoin 4-10, joista laskettiin keskiarvo. Tapahtumaan Suomenlinnassa osallistui runsaat 50 ihmist\u00e4, ja arviopapereita palautettiin yli 40 (ainakin osa vastasi tiimin\u00e4). Yhdistys kiitt\u00e4\u00e4 kaikkia piknikille osallistuneita, v\u00e4lkommen \u00e5ter!<\/p>\n<div id=\"attachment_533\" style=\"width: 235px\" class=\"wp-caption alignleft\"><a href=\"https:\/\/salmiakki.fi\/wp-content\/uploads\/2013\/07\/blod_572.jpg\"><img loading=\"lazy\" decoding=\"async\" aria-describedby=\"caption-attachment-533\" class=\"size-medium wp-image-533\" title=\"appelsiini-salmiakkinappi (Namitupa), kuval\u00e4hde: H\u00e5llplatsens Lakritshandel\" src=\"https:\/\/salmiakki.fi\/wp-content\/uploads\/2013\/07\/blod_572-225x300.jpg\" alt=\"\" width=\"225\" height=\"300\" srcset=\"https:\/\/salmiakki.fi\/wp-content\/uploads\/2013\/07\/blod_572-225x300.jpg 225w, https:\/\/salmiakki.fi\/wp-content\/uploads\/2013\/07\/blod_572.jpg 768w\" sizes=\"auto, (max-width: 225px) 100vw, 225px\" \/><\/a><p id=\"caption-attachment-533\" class=\"wp-caption-text\">Namitupa valmistaa appelsiini- ja mangos\u00e4vyisist\u00e4 salmiakeistaan tiett\u00e4v\u00e4sti eritoten Ruotsin markkinoille nappimallia, kun taas vastaavat kovakuoriset papuversiot p\u00e4\u00e4tyv\u00e4t Suomen kauppoihin.  Foto: H\u00e5llplatsens Lakritshandel<\/p><\/div>\n<p><strong>2.\u00a0APPELSIINI-SALMIAKKINAPPI<\/strong> (Namitupa, Suomi) <strong>7,77\u00a0<\/strong><\/p>\n<p><strong>Namitupa otti kaksoisvoiton: appelsiinimausteinen \u00a0salmiakkinappi sai likipit\u00e4en yht\u00e4 korkeat pisteet kuin tikkarikin.\u00a0<\/strong><\/p>\n<p>Kommentteja:<em>\u00a0&#8221;Raikas, rapea, tuoksuukin hyv\u00e4lle. Veriappelsiinin maku lis\u00e4\u00e4 salmiakin v\u00e4kevyytt\u00e4 sopivasti. Jym\u00e4kk\u00e4 maku.\u00a0<em>Salmiakin maku paljastuu pureskeltaessa.\u00a0<em><em>Plussaa ohuesta rapsakkuudesta!\u00a0<\/em><\/em><\/em>Veriappelsiinin maku vaihtelee napista toiseen: jotkin napit ovat salmiakkisempia, jotkin hedelm\u00e4isempi\u00e4. <em><em>Toimii, mutta papuna viel\u00e4 parempi.\u00a0<\/em><\/em>Kuin s\u00f6isi kiinte\u00e4\u00e4 jaffaa.&#8221;<\/em><\/p>\n<p><a href=\"namitupa.fi\">\u00a0namitupa.fi<\/a><\/p>\n<p>&nbsp;<\/p>\n<p><strong>3.\u00a0SALT TRUCKS <\/strong>(Van Slooten, Hollanti)\u00a0 <strong>7,48\u00a0<\/strong><\/p>\n<div id=\"attachment_513\" style=\"width: 234px\" class=\"wp-caption alignright\"><a href=\"https:\/\/salmiakki.fi\/wp-content\/uploads\/2013\/07\/IMG_3664.jpg\"><img loading=\"lazy\" decoding=\"async\" aria-describedby=\"caption-attachment-513\" class=\"size-medium wp-image-513\" title=\"Van Slooten: Salt Trucks\" src=\"https:\/\/salmiakki.fi\/wp-content\/uploads\/2013\/07\/IMG_3664-224x300.jpg\" alt=\"\" width=\"224\" height=\"300\" srcset=\"https:\/\/salmiakki.fi\/wp-content\/uploads\/2013\/07\/IMG_3664-224x300.jpg 224w, https:\/\/salmiakki.fi\/wp-content\/uploads\/2013\/07\/IMG_3664-764x1024.jpg 764w, https:\/\/salmiakki.fi\/wp-content\/uploads\/2013\/07\/IMG_3664.jpg 1936w\" sizes=\"auto, (max-width: 224px) 100vw, 224px\" \/><\/a><p id=\"caption-attachment-513\" class=\"wp-caption-text\">Salt Trucks sijoittui kolmanneksi. Van Slooten on tehnyt uusia salmiakkipussikarkkeja kuluttajatoiveiden perusteella, kun viime vuonna yhti\u00f6 sai mm. salmiakkipiknikill\u00e4 nameistaan rajua kritiikki\u00e4. Foto: Finska Salmiakf\u00f6reningen<\/p><\/div>\n<p><strong><strong>Hollantilaispussi nappasi p<\/strong>ronssia. Van Slooten on tuonut (ainakin Ruotsissa) markkinoille kaksi uutuuspussia, kun yhti\u00f6n viimevuotiset laimiat salmiakit saivat kritiikki\u00e4 kuluttajilta, mm. Salmiakkiyhdistyksen piknikraadilta v. 2012.<\/strong><\/p>\n<p>Kommentteja:<em>\u00a0\u201dHyvin petrattu viime vuoteen. <em>Mukavan m\u00e4ssytett\u00e4v\u00e4 pehme\u00e4 nami.\u00a0<\/em>Vaihteleva el\u00e4mys: kirpsakka pinta, valuva nestesisus, j\u00e4lkimaku lakritsinen. Nestet\u00e4yte oli mieluisa yll\u00e4tys. <em>Pehme\u00e4nviile\u00e4.\u00a0<em><em>Plussaa: ei gelatiinia (liivate).\u00a0<\/em><\/em><\/em><em>Ihan kivaa, muttei t\u00e4st\u00e4 lauluja kirjoiteta. \u00a0<\/em><em>Pussin extreme-sana huonoa huumoria.\u00a0<\/em>Hankalasti avattava pakkaus.\u201d<\/em><\/p>\n<p><a href=\"vanslooten.eu\">vanslooten.eu<\/a><\/p>\n<p>&nbsp;<\/p>\n<p><strong>4.\u00a0MANGO-SALMIAKKINAPPI<\/strong> (Namitupa, Suomi) <strong>7,41\u00a0<\/strong><\/p>\n<div id=\"attachment_534\" style=\"width: 235px\" class=\"wp-caption alignright\"><a href=\"https:\/\/salmiakki.fi\/wp-content\/uploads\/2013\/07\/mango_573.jpg\"><img loading=\"lazy\" decoding=\"async\" aria-describedby=\"caption-attachment-534\" class=\"size-medium wp-image-534\" title=\"mango-salmiakkinappi (Namitupa), kuval\u00e4hde: H\u00e5llplatsens Lakritshandel\" src=\"https:\/\/salmiakki.fi\/wp-content\/uploads\/2013\/07\/mango_573-225x300.jpg\" alt=\"\" width=\"225\" height=\"300\" srcset=\"https:\/\/salmiakki.fi\/wp-content\/uploads\/2013\/07\/mango_573-225x300.jpg 225w, https:\/\/salmiakki.fi\/wp-content\/uploads\/2013\/07\/mango_573.jpg 768w\" sizes=\"auto, (max-width: 225px) 100vw, 225px\" \/><\/a><p id=\"caption-attachment-534\" class=\"wp-caption-text\">Namituvan Mango-salmiakkinappi. Foto: H\u00e5llplatsens Lakritshandel<\/p><\/div>\n<p>Kommentteja:\u00a0<em>\u201dN\u00e4it\u00e4 tulisi varmaan sy\u00f6ty\u00e4 pussillinen yhdelt\u00e4 istumalta. Yll\u00e4tt\u00e4v\u00e4 ja erikoinen yhdistelm\u00e4. <em>Yeah, baby, yeah!\u00a0<\/em>Mango sopii hyvin salmiakin pariksi. Karkeissa eroja: toiset salmiakkisempia, toiset mangoisempia. Rapeus plussaa. Sopivan pieni. Mangon maku tunnistettava ja vahva, pureskeltaessa paljastuu suolainen salmiakin maku. Mangon yst\u00e4ville loistava, itse en tykk\u00e4\u00e4. Ulkon\u00e4k\u00f6 saisi olla siistimpi. Muoto on parempi &#8217; pillerim\u00e4isen\u00e4&#8217;, jolloin mausta tulee syvempi. J\u00e4lkimaku liian hapan.&#8221;<\/em><\/p>\n<p><a href=\"vanslooten.eu\">namitupa.fi<\/a><\/p>\n<p>&nbsp;<\/p>\n<p><strong>5.\u00a0LAKKRIS-DJ\u00d6FLAR\u00a0<\/strong> (Freyja, Islanti) <strong>7,35\u00a0<\/strong><\/p>\n<div id=\"attachment_521\" style=\"width: 310px\" class=\"wp-caption alignright\"><a href=\"https:\/\/salmiakki.fi\/wp-content\/uploads\/2013\/07\/IMG_3670.jpg\"><img loading=\"lazy\" decoding=\"async\" aria-describedby=\"caption-attachment-521\" class=\"size-medium wp-image-521\" title=\"Lakkris-Dj\u00f6flar, islantilaistuote salmiakpiknikill\u00e4 2013\" src=\"https:\/\/salmiakki.fi\/wp-content\/uploads\/2013\/07\/IMG_3670-300x223.jpg\" alt=\"\" width=\"300\" height=\"223\" srcset=\"https:\/\/salmiakki.fi\/wp-content\/uploads\/2013\/07\/IMG_3670-300x223.jpg 300w, https:\/\/salmiakki.fi\/wp-content\/uploads\/2013\/07\/IMG_3670-1024x764.jpg 1024w, https:\/\/salmiakki.fi\/wp-content\/uploads\/2013\/07\/IMG_3670.jpg 1424w\" sizes=\"auto, (max-width: 300px) 100vw, 300px\" \/><\/a><p id=\"caption-attachment-521\" class=\"wp-caption-text\">Ruotsalaismaahantuoja Nammi l\u00e4hetti yhdistykselle islantilaisia salmiakkeja, kun halusi tiet\u00e4\u00e4, pit\u00e4isiv\u00e4tk\u00f6 suomalaiset niist\u00e4. Kahdesta Freyja-yhti\u00f6n tuotteesta paremmin sijoittui Lakkris-Dj\u00f6flar. Foto: Finska Salmiakf\u00f6reningen<\/p><\/div>\n<p><strong>Islantilainen suolar\u00e4j\u00e4hdys pani nen\u00e4nkin hikoilemaan.<\/strong><\/p>\n<p>Kommentteja:<em>\u00a0\u201dSuolaisin pinta ehk\u00e4 ever. Ei heikkohermoisille! Va&#8217; helvete? R\u00e4j\u00e4ht\u00e4v\u00e4 alkumaku, joka lievittyy lempe\u00e4n makeaksi. Hyv\u00e4 Islanti! Alkut\u00f6rm\u00e4ys v\u00e4h\u00e4n liian \u00f6veri, mutta maku laskeutuu hiljalleen mahtavaan j\u00e4lkip\u00f6hin\u00e4\u00e4n. <em>Nen\u00e4 rupesi hikoilemaan. Laku j\u00e4\u00e4 hyvin mauttomaksi suolan sy\u00f6nnin j\u00e4lkeen. Ei ole salmiakki, vaan suolainen lakritsi. Omituinen t\u00e4ytelaku. Turboahdettu noitapilli. Suolan m\u00e4\u00e4r\u00e4ss\u00e4 ei mit\u00e4\u00e4n j\u00e4rke\u00e4! N\u00e4it\u00e4 olisi kamala oksentaa: ruokatorvi palaisi.<\/em>\u201d<\/em><\/p>\n<p><a href=\"www.freyja.is\/?action=index_en\">www.freyja.is\/?action=index_en<\/a><\/p>\n<p>&nbsp;<\/p>\n<p><strong>6.\u00a0FIRE TRUCKS<\/strong> <strong>(<\/strong>Van Slooten, Hollanti) <strong>7,05\u00a0<\/strong><\/p>\n<div id=\"attachment_515\" style=\"width: 252px\" class=\"wp-caption alignright\"><a href=\"https:\/\/salmiakki.fi\/wp-content\/uploads\/2013\/07\/IMG_3666.jpg\"><img loading=\"lazy\" decoding=\"async\" aria-describedby=\"caption-attachment-515\" class=\"size-medium wp-image-515\" title=\"Van Slooten: Fire Trucks\" src=\"https:\/\/salmiakki.fi\/wp-content\/uploads\/2013\/07\/IMG_3666-242x300.jpg\" alt=\"\" width=\"242\" height=\"300\" srcset=\"https:\/\/salmiakki.fi\/wp-content\/uploads\/2013\/07\/IMG_3666-242x300.jpg 242w, https:\/\/salmiakki.fi\/wp-content\/uploads\/2013\/07\/IMG_3666-827x1024.jpg 827w, https:\/\/salmiakki.fi\/wp-content\/uploads\/2013\/07\/IMG_3666.jpg 1883w\" sizes=\"auto, (max-width: 242px) 100vw, 242px\" \/><\/a><p id=\"caption-attachment-515\" class=\"wp-caption-text\">Fire Trucks on hollantilaisen Van Slootenin toinen pussiuutuus. Foto: Asociaci\u00f3n Finlandesa del Salmiakki<\/p><\/div>\n<p>Kommentteja:<em>\u00a0\u201dTodella pippurinen, nimens\u00e4 veroinen. Potkua l\u00f6ytyy, muttei n\u00e4it\u00e4 pussillista voi sy\u00f6d\u00e4. <em><em>T\u00e4yteneste pehment\u00e4\u00e4 mukavasti.\u00a0<em>Hyv\u00e4 lis\u00e4 leffanamipussiin.\u00a0<\/em><\/em><\/em>Onko tulisuus per\u00e4isin chilist\u00e4 vai pippurista? <em>\u00a0<\/em>Pakkausta vaikea avata. Mausteinen j\u00e4lkimaku j\u00e4\u00e4 polttelemaan kurkussa. \u201d<\/em><\/p>\n<p><a href=\"www.freyja.is\/?action=index_en\">vanslooten.eu<\/a><\/p>\n<p>&nbsp;<\/p>\n<p>&nbsp;<\/p>\n<p>&nbsp;<\/p>\n<p><strong>7.\u00a0SALMIAK BITAR <\/strong>(Freyja, Islanti)\u00a0<strong>7,01\u00a0<\/strong><\/p>\n<div id=\"attachment_517\" style=\"width: 310px\" class=\"wp-caption alignright\"><a href=\"https:\/\/salmiakki.fi\/wp-content\/uploads\/2013\/07\/IMG_3679.jpg\"><img loading=\"lazy\" decoding=\"async\" aria-describedby=\"caption-attachment-517\" class=\"size-medium wp-image-517\" title=\"Islantilainen Salmiak Bitar.\" src=\"https:\/\/salmiakki.fi\/wp-content\/uploads\/2013\/07\/IMG_3679-300x223.jpg\" alt=\"\" width=\"300\" height=\"223\" srcset=\"https:\/\/salmiakki.fi\/wp-content\/uploads\/2013\/07\/IMG_3679-300x223.jpg 300w, https:\/\/salmiakki.fi\/wp-content\/uploads\/2013\/07\/IMG_3679-1024x764.jpg 1024w, https:\/\/salmiakki.fi\/wp-content\/uploads\/2013\/07\/IMG_3679.jpg 1598w\" sizes=\"auto, (max-width: 300px) 100vw, 300px\" \/><\/a><p id=\"caption-attachment-517\" class=\"wp-caption-text\">Molemmat piknikin islantilaistuotteet olivat hmm..  suolaisenpuoleisia. Salmiak Bitar (Freyja) j\u00e4i toiseksi viimeiseksi. Foto: Finska Salmiakf\u00f6reningen<\/p><\/div>\n<p><strong>Harvinaisehko makeisluonnehdinta: l\u00e4hes metallinen j\u00e4lkimaku.<\/strong><\/p>\n<p>Kommentteja:<em>\u00a0\u201dS\u00e4h\u00e4k\u00e4n ihana alkumaku, loppu pehme\u00e4n lakritsinen. Islantilainen luonteikkuus havaittavissa hyv\u00e4ll\u00e4 tavalla. Suolaa pinnassa v\u00e4h\u00e4n liikaa, rikkoo kitalaen. Jauhoinen. Alku lupaa paljon, mutta suolakerroksen alla on mautonta massaa. J\u00e4lkimaku saisi olla aavistuksen makeampi. L\u00e4hes metallinen j\u00e4lkimaku. Ei voi sy\u00f6d\u00e4 kourallista kerralla. Parhaimmillaan harvakseltaan nautittuna.\u201d<\/em><\/p>\n<p><a href=\"www.freyja.is\/?action=index_en\">\u00a0www.freyja.is\/?action=index_en<\/a><\/p>\n<p>&nbsp;<\/p>\n<div id=\"attachment_520\" style=\"width: 310px\" class=\"wp-caption alignleft\"><a href=\"https:\/\/salmiakki.fi\/wp-content\/uploads\/2013\/07\/FC_FI_403708_Merkkari_Mix_180g_web.jpg\"><img loading=\"lazy\" decoding=\"async\" aria-describedby=\"caption-attachment-520\" class=\"size-medium wp-image-520\" title=\"Uusvanha Merkkari (Fazer) tuli sekoitepussina kauppoihin alkuvuonna 2013.\" src=\"https:\/\/salmiakki.fi\/wp-content\/uploads\/2013\/07\/FC_FI_403708_Merkkari_Mix_180g_web-300x193.jpg\" alt=\"\" width=\"300\" height=\"193\" srcset=\"https:\/\/salmiakki.fi\/wp-content\/uploads\/2013\/07\/FC_FI_403708_Merkkari_Mix_180g_web-300x193.jpg 300w, https:\/\/salmiakki.fi\/wp-content\/uploads\/2013\/07\/FC_FI_403708_Merkkari_Mix_180g_web.jpg 620w\" sizes=\"auto, (max-width: 300px) 100vw, 300px\" \/><\/a><p id=\"caption-attachment-520\" class=\"wp-caption-text\">Uusvanha Merkkari tuli sekoitepussina kauppoihin alkuvuonna 2013. Kuva: Fazer<\/p><\/div>\n<p><strong>8.\u00a0MERKKARI <\/strong>(Fazer, Suomi) <strong>6,96<\/strong><\/p>\n<p><strong>Kolo on aivan turha t\u00e4m\u00e4nkokoiselle karkille.<\/strong><\/p>\n<p>Kommentteja:<em>\u00a0\u201dMaku vapautuu hitaasti ja s\u00e4ilyy pitk\u00e4\u00e4n tasaisesti. <em>Ei hajoa melkein mill\u00e4\u00e4n, ihana j\u00e4yt\u00e4\u00e4.\u00a0<\/em>Sopivan suolainen, mutta maku ei sama kuin lapsuudessa. V\u00e4h\u00e4n liian sitke\u00e4, tyls\u00e4 jauhaa pelkilt\u00e4\u00e4n. Maku on tuttu, mutta on niin paljon uusia herkkuja. Mukavan kova. <em>Miksi niiin kovia?\u00a0<\/em><em>Sopii sarjakuvalukemissalmiakiksi.\u00a0<\/em><em>Olemme kasvaneet erillemme: r<\/em>akastan sinua aina, mutten halua sinua en\u00e4\u00e4. <em><em><em>Kolo on aivan turha t\u00e4m\u00e4nkokoiselle karkille.\u00a0<\/em><\/em><\/em>Sopii todella hyvin oluen kaveriksi. Riittoisa, ei tarvitse kuin yhden ottaa. K<em>est\u00e4\u00e4 piiiit&#8230;.k\u00e4\u00e4n.\u00a0<\/em>\u201d<\/em><\/p>\n<p><a href=\"fazer.fi\">fazer.fi<\/a><\/p>\n<p>&#8212;&#8212;&#8212;&#8212;&#8212;&#8212;&#8212;&#8212;&#8212;&#8212;&#8212;&#8212;&#8212;&#8212;&#8212;&#8212;&#8212;&#8212;&#8212;&#8212;&#8212;&#8212;&#8212;&#8212;-<\/p>\n<div id=\"attachment_510\" style=\"width: 310px\" class=\"wp-caption alignleft\"><a href=\"https:\/\/salmiakki.fi\/wp-content\/uploads\/2013\/07\/IMG_3653.jpg\"><img loading=\"lazy\" decoding=\"async\" aria-describedby=\"caption-attachment-510\" class=\"size-medium wp-image-510\" title=\"Nokinen\u00e4-mansikkakuono.\" src=\"https:\/\/salmiakki.fi\/wp-content\/uploads\/2013\/07\/IMG_3653-300x224.jpg\" alt=\"\" width=\"300\" height=\"224\" srcset=\"https:\/\/salmiakki.fi\/wp-content\/uploads\/2013\/07\/IMG_3653-300x224.jpg 300w, https:\/\/salmiakki.fi\/wp-content\/uploads\/2013\/07\/IMG_3653-1024x764.jpg 1024w\" sizes=\"auto, (max-width: 300px) 100vw, 300px\" \/><\/a><p id=\"caption-attachment-510\" class=\"wp-caption-text\">Glorian Ruoka &amp; Viini -lehden Suomenlinnaan tuoma Nokinen\u00e4-mansikkakuono-hillo oli piknikv\u00e4en alkumaistiaisena ennen makeisraadin varsinaista testirupeamaa. Foto: Finska Salmiakf\u00f6reningen<\/p><\/div>\n<p><strong>NOKINEN\u00c4-MANSIKKAKUONO<\/strong><\/p>\n<p>Kilpasarjan ulkopuolella maisteltiin Glorian Ruoka &amp; Viini -lehden reseptikisassa korkealle ylt\u00e4nytt\u00e4 salmiakkimansikkahilloa, jolle piknikv\u00e4ki antoi niin ik\u00e4\u00e4n kouluarvosanan: keskiarvoksi tuli <strong>6,72<\/strong>.<\/p>\n<p><strong>Salmiakkifanien kenties yleisin kritiikki kautta aikain toistui piknikin hillomaistiaisissa: Salmiakin makua ei ole riitt\u00e4v\u00e4sti.<\/strong><\/p>\n<p>Kommentteja:<em>\u00a0\u201dEn ole hillon yst\u00e4v\u00e4, mutta t\u00e4t\u00e4 laittaisin lettujen p\u00e4\u00e4lle.\u00a0<em>Pisteet innovatiivisuudesta.\u00a0<\/em>Mukava pieni h\u00e4iv\u00e4hdys salmiakkia.<\/em>\u00a0<em>Toimii mainiosti croissantin kanssa. \u00a0Hyv\u00e4\u00e4 esim. brie-juuston kanssa. Voisipa testata vaniljaj\u00e4tskin kera. Salmiakin maku j\u00e4\u00e4 mansikan alle. Saisi olla tujumpaa eli salmiakkisempaa. Liian mansikkainen, johtuu ehk\u00e4 osittain siit\u00e4, ett\u00e4 hillo tehty edellisen\u00e4 p\u00e4iv\u00e4n\u00e4. Sopivatko yhteen? Turkinpippurista voisi saada parempaa. Salmiakki j\u00e4\u00e4 taustalle: jos ei tiet\u00e4isi, niin ei erottaisi.&#8221;<\/em><\/p>\n<p>Salmiakkipiknik j\u00e4rjestettiin Suomenlinnassa 29. kes\u00e4kuuta 2013.<\/p>\n","protected":false},"excerpt":{"rendered":"<p>Salmiakkipiknik 2013 -makuraadin kilpasarja oli kutkuttavan j\u00e4nnitt\u00e4v\u00e4. Kahdeksan testituotteen joukosta ykk\u00f6seksi kurotti kotimaisen Namituvan valmistama salmiakkitikkari.\u00a0 N\u00e4in jakautuivat raadin pojojen keskiarvot: 1.\u00a0PIKKUTIKKARI-SALMIAKKI\u00a0(Namitupa, Suomi)\u00a07,80 &nbsp; Raatilaisten kommentteja: &#8221;Nime\u00e4\u00e4n isompi tikkari. Just n\u00e4in: t\u00e4ytel\u00e4inen, salmiakkinen. Huippumaku! Riittoisa. Maku kest\u00e4\u00e4 suussa pitk\u00e4\u00e4n. Pinta &hellip; <a href=\"https:\/\/salmiakki.fi\/?p=502\">Lue loppuun <span class=\"meta-nav\">&rarr;<\/span><\/a><\/p>\n","protected":false},"author":2,"featured_media":0,"comment_status":"open","ping_status":"open","sticky":false,"template":"","format":"standard","meta":{"footnotes":""},"categories":[1],"tags":[],"class_list":["post-502","post","type-post","status-publish","format-standard","hentry","category-ei-kategoriaa"],"_links":{"self":[{"href":"https:\/\/salmiakki.fi\/index.php?rest_route=\/wp\/v2\/posts\/502","targetHints":{"allow":["GET"]}}],"collection":[{"href":"https:\/\/salmiakki.fi\/index.php?rest_route=\/wp\/v2\/posts"}],"about":[{"href":"https:\/\/salmiakki.fi\/index.php?rest_route=\/wp\/v2\/types\/post"}],"author":[{"embeddable":true,"href":"https:\/\/salmiakki.fi\/index.php?rest_route=\/wp\/v2\/users\/2"}],"replies":[{"embeddable":true,"href":"https:\/\/salmiakki.fi\/index.php?rest_route=%2Fwp%2Fv2%2Fcomments&post=502"}],"version-history":[{"count":56,"href":"https:\/\/salmiakki.fi\/index.php?rest_route=\/wp\/v2\/posts\/502\/revisions"}],"predecessor-version":[{"id":506,"href":"https:\/\/salmiakki.fi\/index.php?rest_route=\/wp\/v2\/posts\/502\/revisions\/506"}],"wp:attachment":[{"href":"https:\/\/salmiakki.fi\/index.php?rest_route=%2Fwp%2Fv2%2Fmedia&parent=502"}],"wp:term":[{"taxonomy":"category","embeddable":true,"href":"https:\/\/salmiakki.fi\/index.php?rest_route=%2Fwp%2Fv2%2Fcategories&post=502"},{"taxonomy":"post_tag","embeddable":true,"href":"https:\/\/salmiakki.fi\/index.php?rest_route=%2Fwp%2Fv2%2Ftags&post=502"}],"curies":[{"name":"wp","href":"https:\/\/api.w.org\/{rel}","templated":true}]}}