{"id":83,"date":"2011-06-15T21:30:19","date_gmt":"2011-06-15T19:30:19","guid":{"rendered":"http:\/\/salmiakki.fi\/wordpress\/?p=83"},"modified":"2011-06-16T21:59:18","modified_gmt":"2011-06-16T19:59:18","slug":"piknik-fazerin-uutuusjaatelolle-8","status":"publish","type":"post","link":"https:\/\/salmiakki.fi\/?p=83","title":{"rendered":"Piknik: Fazerin uutuusj\u00e4\u00e4tel\u00f6lle 8+"},"content":{"rendered":"<p>Salmiakkipiknikill\u00e4 mutusteltiin\u00a0<em>Fazerin Salmiakki &#8211;<\/em>uutuusj\u00e4\u00e4tel\u00f6\u00e4\u00a0(valmistaja\u00a0<strong>Nestl\u00e9<\/strong>). Salmiakkikuvion muotoinen tikkuj\u00e4\u00e4tel\u00f6 nappasi kouluarvosanaksi\u00a0<strong>8+ <\/strong>piknikin karkkiraadilta, johon saivat osallistua kaikki tapahtuman osallistujat. Piknikill\u00e4 oli 45 henke\u00e4.<\/p>\n<p><span style=\"font-size: 12px; line-height: 17px;\"><\/p>\n<div id=\"attachment_97\" style=\"width: 282px\" class=\"wp-caption alignleft\"><a href=\"https:\/\/salmiakki.fi\/wp-content\/uploads\/2011\/06\/Fazerin-Salmiakki-j\u00e4\u00e4tel\u00f6-kuva-sivulta-pingviini.fi_1-e1308254078977.jpg\"><img loading=\"lazy\" decoding=\"async\" aria-describedby=\"caption-attachment-97\" class=\"size-medium wp-image-97\" title=\"Fazerin Salmiakki -j\u00e4\u00e4tel\u00f6, sivulta pingviini.fi\" src=\"https:\/\/salmiakki.fi\/wp-content\/uploads\/2011\/06\/Fazerin-Salmiakki-j\u00e4\u00e4tel\u00f6-kuva-sivulta-pingviini.fi_1-e1308254078977-272x300.jpg\" alt=\"\" width=\"272\" height=\"300\" srcset=\"https:\/\/salmiakki.fi\/wp-content\/uploads\/2011\/06\/Fazerin-Salmiakki-j\u00e4\u00e4tel\u00f6-kuva-sivulta-pingviini.fi_1-e1308254078977-272x300.jpg 272w, https:\/\/salmiakki.fi\/wp-content\/uploads\/2011\/06\/Fazerin-Salmiakki-j\u00e4\u00e4tel\u00f6-kuva-sivulta-pingviini.fi_1-e1308254078977.jpg 351w\" sizes=\"auto, (max-width: 272px) 100vw, 272px\" \/><\/a><p id=\"caption-attachment-97\" class=\"wp-caption-text\">\u00a9 pingviini.fi<\/p><\/div>\n<p><\/span><\/p>\n<p>\u201dPakkausta avatessa j\u00e4\u00e4tel\u00f6n muoto oli upea el\u00e4mys!\u00a0Pinta alkuun hyv\u00e4, mutta pitk\u00e4n p\u00e4\u00e4lle t\u00f6kkii. J\u00e4\u00e4tel\u00f6 hyv\u00e4\u00e4, kastike vahvaa.\u00a0T\u00e4ytett\u00e4 olisi voinut olla enemm\u00e4n. Miinusta laktoosipitoisuudesta\u201d, todettiin makeisraatilaisten arvioissa.<\/p>\n<p>Piknikill\u00e4 oli makeisten lis\u00e4ksi vain yksi j\u00e4\u00e4tel\u00f6tuote. Salmiakkiyhdistyksen konklaavissa p\u00e4\u00e4dyttiin siihen, ett\u00e4 j\u00e4\u00e4tel\u00f6 kilpailee omassa sarjassaan erill\u00e4\u00e4n karkkikymmenik\u00f6st\u00e4.<\/p>\n<p><a href=\"http:\/\/http:\/\/www.pingviini.fi\/tuotteet#fazer\">http:\/\/www.pingviini.fi\/tuotteet#fazer<\/a><\/p>\n","protected":false},"excerpt":{"rendered":"<p>Salmiakkipiknikill\u00e4 mutusteltiin\u00a0Fazerin Salmiakki &#8211;uutuusj\u00e4\u00e4tel\u00f6\u00e4\u00a0(valmistaja\u00a0Nestl\u00e9). Salmiakkikuvion muotoinen tikkuj\u00e4\u00e4tel\u00f6 nappasi kouluarvosanaksi\u00a08+ piknikin karkkiraadilta, johon saivat osallistua kaikki tapahtuman osallistujat. Piknikill\u00e4 oli 45 henke\u00e4. \u201dPakkausta avatessa j\u00e4\u00e4tel\u00f6n muoto oli upea el\u00e4mys!\u00a0Pinta alkuun hyv\u00e4, mutta pitk\u00e4n p\u00e4\u00e4lle t\u00f6kkii. J\u00e4\u00e4tel\u00f6 hyv\u00e4\u00e4, kastike vahvaa.\u00a0T\u00e4ytett\u00e4 olisi voinut &hellip; <a href=\"https:\/\/salmiakki.fi\/?p=83\">Lue loppuun <span class=\"meta-nav\">&rarr;<\/span><\/a><\/p>\n","protected":false},"author":2,"featured_media":97,"comment_status":"open","ping_status":"open","sticky":false,"template":"","format":"standard","meta":{"footnotes":""},"categories":[1],"tags":[],"class_list":["post-83","post","type-post","status-publish","format-standard","has-post-thumbnail","hentry","category-ei-kategoriaa"],"_links":{"self":[{"href":"https:\/\/salmiakki.fi\/index.php?rest_route=\/wp\/v2\/posts\/83","targetHints":{"allow":["GET"]}}],"collection":[{"href":"https:\/\/salmiakki.fi\/index.php?rest_route=\/wp\/v2\/posts"}],"about":[{"href":"https:\/\/salmiakki.fi\/index.php?rest_route=\/wp\/v2\/types\/post"}],"author":[{"embeddable":true,"href":"https:\/\/salmiakki.fi\/index.php?rest_route=\/wp\/v2\/users\/2"}],"replies":[{"embeddable":true,"href":"https:\/\/salmiakki.fi\/index.php?rest_route=%2Fwp%2Fv2%2Fcomments&post=83"}],"version-history":[{"count":10,"href":"https:\/\/salmiakki.fi\/index.php?rest_route=\/wp\/v2\/posts\/83\/revisions"}],"predecessor-version":[{"id":89,"href":"https:\/\/salmiakki.fi\/index.php?rest_route=\/wp\/v2\/posts\/83\/revisions\/89"}],"wp:featuredmedia":[{"embeddable":true,"href":"https:\/\/salmiakki.fi\/index.php?rest_route=\/wp\/v2\/media\/97"}],"wp:attachment":[{"href":"https:\/\/salmiakki.fi\/index.php?rest_route=%2Fwp%2Fv2%2Fmedia&parent=83"}],"wp:term":[{"taxonomy":"category","embeddable":true,"href":"https:\/\/salmiakki.fi\/index.php?rest_route=%2Fwp%2Fv2%2Fcategories&post=83"},{"taxonomy":"post_tag","embeddable":true,"href":"https:\/\/salmiakki.fi\/index.php?rest_route=%2Fwp%2Fv2%2Ftags&post=83"}],"curies":[{"name":"wp","href":"https:\/\/api.w.org\/{rel}","templated":true}]}}